{"id":11984,"date":"2016-09-15T17:46:34","date_gmt":"2016-09-15T15:46:34","guid":{"rendered":"http:\/\/www.aprophysio.de\/?p=11984"},"modified":"2016-09-15T17:46:34","modified_gmt":"2016-09-15T15:46:34","slug":"enno-neuer-physiotherapeut-und-personal-trainer-bei-aprophysio","status":"publish","type":"post","link":"https:\/\/aprophysio.de\/index.php\/2016\/09\/15\/enno-neuer-physiotherapeut-und-personal-trainer-bei-aprophysio\/","title":{"rendered":"Enno: neuer Physiotherapeut und Personal Trainer bei AproPhysio"},"content":{"rendered":"<p align=\"JUSTIFY\"><span style=\"color: #353535;\"><span style=\"font-family: Helvetica,sans-serif;\"><span style=\"font-size: medium;\"><span style=\"color: #000000;\"><span style=\"font-family: Helvetica Neue;\">Wir arbeiten immer an der Verbesserung unseres Konzeptes und freuen uns ab dem 01.10.2016 mit<\/span><\/span><strong><span style=\"color: #000000;\"><span style=\"font-family: Helvetica Neue;\"> AproPhysio eine Privatpraxis f\u00fcr Physiotherapie in unserem Studio in Berlin Mitte<\/span><\/span><\/strong><span style=\"color: #000000;\"><span style=\"font-family: Helvetica Neue;\"> anbieten zu k\u00f6nnen.<\/span><\/span><\/span><\/span><\/span><\/p>\n<p align=\"JUSTIFY\"><span style=\"color: #000000;\"><span style=\"font-family: Helvetica Neue;\"><span style=\"font-size: medium;\">So k\u00f6nnen die Mitglieder von AproSports und nat\u00fcrlich alle weiteren Interessenten ab Oktober separat zu ihrem Training eine Behandlung bei unserem Physiotherapeuten Enno erhalten.<\/span><\/span><\/span><\/p>\n<p align=\"JUSTIFY\"><span style=\"color: #000000;\"><span style=\"font-family: Helvetica Neue;\"><span style=\"font-size: medium;\">Die Behandlungsmethoden sind sehr vielf\u00e4ltig: Enno sieht zwar sehr jung aus, ist jedoch bereits seit 2008 ausgebildeter Physiotherapeut mit Weiterbildungen f\u00fcr Massagen, Krankengymnastik, manuelle Therapie, Lymphdrainage, Kinesiotaping uvm.<\/span><\/span><\/span><\/p>\n<p align=\"JUSTIFY\"><img loading=\"lazy\" decoding=\"async\" class=\"alignnone size-full wp-image-11955\" src=\"http:\/\/www.aprophysio.de\/cms\/wp-content\/uploads\/2016\/09\/Bildschirmfoto-2016-09-12-um-14.54.28-e1473686119686.png\" alt=\"Enno AproSports\" width=\"136\" height=\"169\"><\/p>\n<p align=\"JUSTIFY\"><span style=\"color: #000000;\"><span style=\"font-family: Helvetica Neue;\"><span style=\"font-size: medium;\">Bei der Abrechnung gibt es zwei M\u00f6glichkeiten. Wenn Du privat Versichert bist, dann kannst Du das bei deiner PKV einreichen. Falls Du nicht privat versichert bist, dann hast Du am Ende des Jahres die M\u00f6glichkeit die Physiotherapie als au\u00dfergew\u00f6hnliche Belastung von der Steuer abzusetzen.<\/span><\/span><\/span><\/p>\n<p align=\"JUSTIFY\"><span style=\"font-family: Helvetica Neue;\">Eine Neuigkeit gibt es noch: Ab Oktober bieten wir ein \u201eFunktionales Muskel- &amp; Gelenkscreening (FMGS)\u201c an. Der Test analysiert m\u00f6gliche Dysbalancen im Gelenk- und Muskelapparat und ist ein g\u00e4ngiges Werkzeug in der Physiotherapie. Aus diesen Erkenntnissen k\u00f6nnen wir dein EMS- und dein funktionales Training weiter optimieren. Dieser kostet einmalig 50,- Euro.<\/span><\/p>\n<p align=\"JUSTIFY\"><span style=\"font-family: Helvetica Neue;\">Wenn du zeitintensiver und tiefgr\u00fcndiger mit Enno dein Trainingskonzept fortf\u00fchren m\u00f6chtest und das nicht \u00fcber ein Privatrezept geht, dann hast du die M\u00f6glichkeit Trainingsstunden als Personal Training bei ihm zu buchen.<\/span><\/p>\n<p align=\"JUSTIFY\"><span style=\"font-family: Helvetica Neue;\">Wenn du weitere Fragen zu AproPhysio hast, beraten wir dich gern im Studio oder schreib uns eine Mail an kontakt(at)aprophysio.de (oder auch \u00fcber unsere g\u00e4ngigen Aprosports-Emailadressen). Alternativ wirst Du Enno sicherlich im Oktober kennenlernen \ud83d\ude42<\/span><\/p>\n<p align=\"JUSTIFY\"><span style=\"font-family: Helvetica Neue;\">Deine Gesundheit nehmen wir pers\u00f6nlich!<\/span><\/p>\n<p align=\"JUSTIFY\"><span style=\"font-family: Helvetica Neue;\">Dein AproPhysio &#8211; Team<\/span><\/p>\n","protected":false},"excerpt":{"rendered":"<p>Wir arbeiten immer an der Verbesserung unseres Konzeptes und freuen uns ab dem 01.10.2016 mit AproPhysio eine Privatpraxis f\u00fcr Physiotherapie in unserem Studio in Berlin Mitte [&#8230;] <\/p>\n","protected":false},"author":1,"featured_media":11985,"comment_status":"closed","ping_status":"open","sticky":false,"template":"","format":"standard","meta":{"footnotes":""},"categories":[2],"tags":[],"class_list":["post-11984","post","type-post","status-publish","format-standard","has-post-thumbnail","hentry","category-allgemein"],"featured_image_src":null,"featured_image_src_square":null,"author_info":{"display_name":"admin","author_link":"https:\/\/aprophysio.de\/index.php\/author\/afleischmann_oi8xdaka\/"},"_links":{"self":[{"href":"https:\/\/aprophysio.de\/index.php\/wp-json\/wp\/v2\/posts\/11984","targetHints":{"allow":["GET"]}}],"collection":[{"href":"https:\/\/aprophysio.de\/index.php\/wp-json\/wp\/v2\/posts"}],"about":[{"href":"https:\/\/aprophysio.de\/index.php\/wp-json\/wp\/v2\/types\/post"}],"author":[{"embeddable":true,"href":"https:\/\/aprophysio.de\/index.php\/wp-json\/wp\/v2\/users\/1"}],"replies":[{"embeddable":true,"href":"https:\/\/aprophysio.de\/index.php\/wp-json\/wp\/v2\/comments?post=11984"}],"version-history":[{"count":0,"href":"https:\/\/aprophysio.de\/index.php\/wp-json\/wp\/v2\/posts\/11984\/revisions"}],"wp:featuredmedia":[{"embeddable":true,"href":"https:\/\/aprophysio.de\/index.php\/wp-json\/"}],"wp:attachment":[{"href":"https:\/\/aprophysio.de\/index.php\/wp-json\/wp\/v2\/media?parent=11984"}],"wp:term":[{"taxonomy":"category","embeddable":true,"href":"https:\/\/aprophysio.de\/index.php\/wp-json\/wp\/v2\/categories?post=11984"},{"taxonomy":"post_tag","embeddable":true,"href":"https:\/\/aprophysio.de\/index.php\/wp-json\/wp\/v2\/tags?post=11984"}],"curies":[{"name":"wp","href":"https:\/\/api.w.org\/{rel}","templated":true}]}}