{"id":12036,"date":"2016-10-04T22:14:58","date_gmt":"2016-10-04T20:14:58","guid":{"rendered":"http:\/\/www.aprophysio.de\/?p=12036"},"modified":"2016-10-04T22:14:58","modified_gmt":"2016-10-04T20:14:58","slug":"preise-einer-privaten-physiotherapie","status":"publish","type":"post","link":"https:\/\/aprophysio.de\/index.php\/2016\/10\/04\/preise-einer-privaten-physiotherapie\/","title":{"rendered":"Preise einer privaten Physiotherapie"},"content":{"rendered":"<p>Der Erstattungsanspruch von physiotherapeutischen Leistungen h\u00e4ngt von der Vereinbarung zwischen den Patienten und zwischen der privaten Krankenversicherung ab. Anders als bei gesetzlichen Physiotherapien sind private Physiotherapien nicht an einen bestimmten Tarif gebunden, sondern k\u00f6nnen die H\u00f6he der Abrechnung selbst bestimmen. Um trotzdem m\u00f6glichst transparent zu bleiben richten wir unsere Tarife nach dem in Deutschland weitverbreiteten Geb\u00fchren\u00fcbersicht f\u00fcr Therapeuten (Geb\u00fcTh). In dieser \u00dcbersicht werden die Preise ver\u00f6ffentlicht, die zwischen Patienten und Heilmittelerbringer \u00fcblicherweise vereinbart werden. Wir haben wichtige Faktoren f\u00fcr die Preise einer privaten Physiotherapie aufgelistet.<\/p>\n<h2>Preisberechnung einer Therapie<\/h2>\n<p>Der Preis richtet sich nach der n\u00f6tigen Anzahl an Therapiesitzungen bis zur Erreichung des Zieles und nach der Art der Behandlungen. Des Weiteren m\u00fcssen bei der Preisgestaltung einige Faktoren unterscheiden, die ma\u00dfgeblich f\u00fcr die Preisbildung ausschlaggebend sind.<\/p>\n<ol>\n<li>\n<h2>Qualifikation des Therapeuten<\/h2>\n<\/li>\n<\/ol>\n<p>Je besser der Ausbildungsstand des Therapeuten ist, desto h\u00f6her ist sein Gehalt und desto mehr kostet eine Behandlung durch ihn. Sie kennen das vielleicht von Friseuren. Hier ist es ebenfalls so, dass ein besonders erfahrener Friseur mehr kostet als jemand, der gerade seine Ausbildung abgeschlossen hat. Der Vorteil eines qualifizierten Physiotherapeuten ist hingegen, dass sie ihr Ziel vermutlich schneller erreichen werden. Das heisst, dass Sie schneller gesund werden und gar nicht so viele Einheiten brauchen wie bei einem Anf\u00e4nger.<\/p>\n<ol start=\"2\">\n<li>\n<h2>R\u00e4umliche Gestaltung und Lage der R\u00e4ume<\/h2>\n<\/li>\n<\/ol>\n<p>Die Ausstattung kann ausschlaggebend f\u00fcr den Therapieerfolg sein und sollte deswegen bei der Preisgestaltung beachtet werden. Die Lage der Physiotherapie ist ebenfalls sehr wichtig. Liegt diese in einer besonders g\u00fcnstigen Lage, was h\u00f6here Mietpreise bedeutet, so ist mit h\u00f6heren Therapiepreisen zu rechnen.<\/p>\n<ol start=\"3\">\n<li>\n<h2>Zeitaufwand der Therapie<\/h2>\n<\/li>\n<\/ol>\n<p>Ist das Krankheitsbild besonders Komplex und erfordert diese eine Vor- und Nachbereitung, rechtfertigt dies ebenfalls den Faktor.<\/p>\n<ol start=\"4\">\n<li>\n<h2>Service<\/h2>\n<\/li>\n<\/ol>\n<p>Ist die Terminbuchung streng oder Flexibel. K\u00f6nnen Sie vor Ort Duschen und bekommen Sie ein Handtuch?<\/p>\n<ol start=\"5\">\n<li>\n<h2>Behandlungszeit<\/h2>\n<\/li>\n<\/ol>\n<p>Bei einer Manuellen Therapie ist vom Gesetzgeber eine Mindestbehandlungszeit von 15 Minuten pro Einheit vorgegeben. In dieser Zeit ist eine qualitativ gute Behandlung so gut wie unm\u00f6glich. Private Physiotherapien haben h\u00e4ufig eine Behandlungszeit von 25-30 Minuten. Dies wirkt sich ebenfalls auf den Faktor aus.<\/p>\n<p>Abh\u00e4ngig von all diesen Faktoren wird die Physiotherapie die Preise zusammensetzen. Wir hoffen durch diesen Artikel deutlich gemacht zu haben, dass ein h\u00f6herer Preis durchaus gerechtfertigt sein kann. Informieren Sie sich am besten direkt vor Ort \u00fcber die Preiszusammensetzung. Eine gute Physiotherapie wird niemals ein Problem damit haben Ihnen aufzuzeigen wie die Preise zustande kommen.<\/p>\n<p>Falls Sie weitere Fragen haben, dann werden Sie noch einige interessante Artikel in unserem Blog finden. Schreiben Sie uns alternativ per Email oder rufen Sie uns an. Wir helfen Ihnen gerne!<\/p>\n<p>Ihre Gesundheit nehmen wir pers\u00f6nlich!<\/p>\n<p>Dein AproPhysio-Team<\/p>\n","protected":false},"excerpt":{"rendered":"<p>Der Erstattungsanspruch von physiotherapeutischen Leistungen h\u00e4ngt von der Vereinbarung zwischen den Patienten und zwischen der privaten Krankenversicherung ab. Anders als bei gesetzlichen Physiotherapien sind private Physiotherapien [&#8230;] <\/p>\n","protected":false},"author":1,"featured_media":12037,"comment_status":"closed","ping_status":"open","sticky":false,"template":"","format":"standard","meta":{"footnotes":""},"categories":[2],"tags":[43,44,45],"class_list":["post-12036","post","type-post","status-publish","format-standard","has-post-thumbnail","hentry","category-allgemein","tag-physiotherapie","tag-preise","tag-qualitaet"],"featured_image_src":null,"featured_image_src_square":null,"author_info":{"display_name":"admin","author_link":"https:\/\/aprophysio.de\/index.php\/author\/afleischmann_oi8xdaka\/"},"_links":{"self":[{"href":"https:\/\/aprophysio.de\/index.php\/wp-json\/wp\/v2\/posts\/12036","targetHints":{"allow":["GET"]}}],"collection":[{"href":"https:\/\/aprophysio.de\/index.php\/wp-json\/wp\/v2\/posts"}],"about":[{"href":"https:\/\/aprophysio.de\/index.php\/wp-json\/wp\/v2\/types\/post"}],"author":[{"embeddable":true,"href":"https:\/\/aprophysio.de\/index.php\/wp-json\/wp\/v2\/users\/1"}],"replies":[{"embeddable":true,"href":"https:\/\/aprophysio.de\/index.php\/wp-json\/wp\/v2\/comments?post=12036"}],"version-history":[{"count":0,"href":"https:\/\/aprophysio.de\/index.php\/wp-json\/wp\/v2\/posts\/12036\/revisions"}],"wp:featuredmedia":[{"embeddable":true,"href":"https:\/\/aprophysio.de\/index.php\/wp-json\/"}],"wp:attachment":[{"href":"https:\/\/aprophysio.de\/index.php\/wp-json\/wp\/v2\/media?parent=12036"}],"wp:term":[{"taxonomy":"category","embeddable":true,"href":"https:\/\/aprophysio.de\/index.php\/wp-json\/wp\/v2\/categories?post=12036"},{"taxonomy":"post_tag","embeddable":true,"href":"https:\/\/aprophysio.de\/index.php\/wp-json\/wp\/v2\/tags?post=12036"}],"curies":[{"name":"wp","href":"https:\/\/api.w.org\/{rel}","templated":true}]}}