{"id":12350,"date":"2017-02-06T16:29:06","date_gmt":"2017-02-06T15:29:06","guid":{"rendered":"http:\/\/www.aprophysio.de\/?p=12350"},"modified":"2017-02-06T16:29:06","modified_gmt":"2017-02-06T15:29:06","slug":"krankheitsbild-rueckenschmerzen","status":"publish","type":"post","link":"https:\/\/aprophysio.de\/index.php\/2017\/02\/06\/krankheitsbild-rueckenschmerzen\/","title":{"rendered":"Krankheitsbild: R\u00fcckenschmerzen"},"content":{"rendered":"<p>Der R\u00fcckenschmerz ist des Deutschen g\u00e4ngigstes Leid. Erfahre mehr dar\u00fcber, wie das Krankheitsbild entsteht und was du selbst gegen den Schmerz tun kannst.<\/p>\n<p><strong>Allgemeine Ursachen f\u00fcr R\u00fcckenschmerzen<\/strong><\/p>\n<p>Die g\u00e4ngigste Ursache f\u00fcr R\u00fcckenschmerzen ist eine verspannte Muskulatur durch Fehlhaltungen und \u00dcberlastungen des K\u00f6rpers. Meistens lockert sich die verspannte Muskulatur nicht mehr und f\u00fchrt daher zu Schmerzen. Andere Ursachen k\u00f6nnen Blockaden der Wirbel-, und Rippengelenke, Bandscheibenvorf\u00e4lle oder andere Unf\u00e4lle jeglicher Art sein.<\/p>\n<p><strong>M\u00f6gliche Symptome bei einem Bandscheibenvorfall<\/strong><\/p>\n<p>Die Schmerzen treten vorwiegend einseitig auf, da eher ein Bandscheibenvorfall entsteht, der seitlich anstatt mittig austritt. Die Schmerzen treten vorallem im betreffenden Segment auf, k\u00f6nnen jedoch auch in die zu versorgenden Gebiete (Rippen, Extremit\u00e4ten) ausstrahlen. Des Weiteren ist es m\u00f6glich, dass neurologische Symptome des zu versorgenden Gebietes (Sensibilit\u00e4tsst\u00f6rungen, allg. Missempfindungen, Kraftverlust&#8230;) auftreten.<\/p>\n<p><img loading=\"lazy\" decoding=\"async\" class=\"alignnone size-medium wp-image-12355\" src=\"http:\/\/www.aprophysio.de\/cms\/wp-content\/uploads\/2017\/02\/Fotolia_109123333_XS-300x232.jpg\" alt=\"\" width=\"300\" height=\"232\"><\/p>\n<p><a href=\"http:\/\/www.aprophysio.de\/massnahmen-zur-soforthilfe-bei-rueckenschmerzen\/\">Wie du dir selbst bei muskul\u00e4r bedingten R\u00fcckenschmerzen helfen kannst, liest du hier!<\/a><\/p>\n<p><strong>Beinl\u00e4ngenunterschied ist eine der Hauptursachen bei Bandscheibenvorf\u00e4llen<\/strong><\/p>\n<p><a href=\"http:\/\/link.springer.com\/article\/10.1007\/s00337-016-0136-5\">Laut einer aktuellen Studie kann bereits eine Beinl\u00e4ngendifferenz von 3 &#8211; 9 mm zu mechanischen \/ neuromuskul\u00e4ren Problemen im Bewegungsapparat bei Erwachsenen, vorallem in der Wirbels\u00e4ule, f\u00fchren.<\/a> Dazu z\u00e4hlen vorallem Skoliose und Bandscheibenvorf\u00e4lle. Daher sollte ein Beinl\u00e4ngenunterschied fr\u00fchzeitig diagnostiziert und mit orthop\u00e4dischen Fersenkissen behandelt werden.<\/p>\n<p>Wenn du weitere Fragen zum Thema R\u00fcckenschmerzen hast, stehe ich dir gern zur Seite. Schreib uns doch eine Mail an kontakt(at)aprophysio.de oder ruf uns an und vereinbare direkt einen Beratungstermin unter der 030\/20629631.<\/p>\n<p>Deine Gesundheit nehmen wir pers\u00f6nlich!<\/p>\n<p>Enno von AproPhysio<\/p>\n<p>&nbsp;<\/p>\n<p>&nbsp;<\/p>\n<p>&nbsp;<\/p>\n","protected":false},"excerpt":{"rendered":"<p>Der R\u00fcckenschmerz ist des Deutschen g\u00e4ngigstes Leid. Erfahre mehr dar\u00fcber, wie das Krankheitsbild entsteht und was du selbst gegen den Schmerz tun kannst. Allgemeine Ursachen f\u00fcr [&#8230;] <\/p>\n","protected":false},"author":1,"featured_media":12093,"comment_status":"closed","ping_status":"open","sticky":false,"template":"","format":"standard","meta":{"footnotes":""},"categories":[2],"tags":[],"class_list":["post-12350","post","type-post","status-publish","format-standard","has-post-thumbnail","hentry","category-allgemein"],"featured_image_src":null,"featured_image_src_square":null,"author_info":{"display_name":"admin","author_link":"https:\/\/aprophysio.de\/index.php\/author\/afleischmann_oi8xdaka\/"},"_links":{"self":[{"href":"https:\/\/aprophysio.de\/index.php\/wp-json\/wp\/v2\/posts\/12350","targetHints":{"allow":["GET"]}}],"collection":[{"href":"https:\/\/aprophysio.de\/index.php\/wp-json\/wp\/v2\/posts"}],"about":[{"href":"https:\/\/aprophysio.de\/index.php\/wp-json\/wp\/v2\/types\/post"}],"author":[{"embeddable":true,"href":"https:\/\/aprophysio.de\/index.php\/wp-json\/wp\/v2\/users\/1"}],"replies":[{"embeddable":true,"href":"https:\/\/aprophysio.de\/index.php\/wp-json\/wp\/v2\/comments?post=12350"}],"version-history":[{"count":0,"href":"https:\/\/aprophysio.de\/index.php\/wp-json\/wp\/v2\/posts\/12350\/revisions"}],"wp:featuredmedia":[{"embeddable":true,"href":"https:\/\/aprophysio.de\/index.php\/wp-json\/"}],"wp:attachment":[{"href":"https:\/\/aprophysio.de\/index.php\/wp-json\/wp\/v2\/media?parent=12350"}],"wp:term":[{"taxonomy":"category","embeddable":true,"href":"https:\/\/aprophysio.de\/index.php\/wp-json\/wp\/v2\/categories?post=12350"},{"taxonomy":"post_tag","embeddable":true,"href":"https:\/\/aprophysio.de\/index.php\/wp-json\/wp\/v2\/tags?post=12350"}],"curies":[{"name":"wp","href":"https:\/\/api.w.org\/{rel}","templated":true}]}}